{"id":1323,"date":"2023-06-09T15:10:30","date_gmt":"2023-06-09T13:10:30","guid":{"rendered":"http:\/\/strasbourg-basket.fr\/?p=1323"},"modified":"2023-07-18T13:20:40","modified_gmt":"2023-07-18T11:20:40","slug":"pre-adhesion-nouvel-inscription","status":"publish","type":"post","link":"https:\/\/strasbourg-basket.fr\/index.php\/2023\/06\/09\/pre-adhesion-nouvel-inscription\/","title":{"rendered":"Pr\u00e9-Adh\u00e9sion &#8211; Nouvel Inscription"},"content":{"rendered":"\n<div class=\"wp-block-contact-form-7-contact-form-selector\">\n<div class=\"wpcf7 no-js\" id=\"wpcf7-f1322-o1\" lang=\"fr-FR\" dir=\"ltr\" data-wpcf7-id=\"1322\">\n<div class=\"screen-reader-response\"><p role=\"status\" aria-live=\"polite\" aria-atomic=\"true\"><\/p> <ul><\/ul><\/div>\n<form action=\"\/index.php\/wp-json\/wp\/v2\/posts\/1323#wpcf7-f1322-o1\" method=\"post\" class=\"wpcf7-form init\" aria-label=\"Formulaire de contact\" novalidate=\"novalidate\" data-status=\"init\">\n<fieldset class=\"hidden-fields-container\"><input type=\"hidden\" name=\"_wpcf7\" value=\"1322\" \/><input type=\"hidden\" name=\"_wpcf7_version\" value=\"6.1.7\" \/><input type=\"hidden\" name=\"_wpcf7_locale\" value=\"fr_FR\" \/><input type=\"hidden\" name=\"_wpcf7_unit_tag\" value=\"wpcf7-f1322-o1\" \/><input type=\"hidden\" name=\"_wpcf7_container_post\" value=\"0\" \/><input type=\"hidden\" name=\"_wpcf7_posted_data_hash\" value=\"\" \/>\n<\/fieldset>\n<h2> Informations G\u00e9n\u00e9rales\n<\/h2>\n<p><label>Avez-vous jou\u00e9 au basketball dans un autre club la saison pr\u00e9c\u00e9dente ?<\/label><br \/>\n<span class=\"wpcf7-form-control-wrap\" data-name=\"mutation\"><span class=\"wpcf7-form-control wpcf7-radio\"><span class=\"wpcf7-list-item first\"><label><span class=\"wpcf7-list-item-label\">Oui<\/span><input type=\"radio\" name=\"mutation\" value=\"Oui\" \/><\/label><\/span><span class=\"wpcf7-list-item last\"><label><span class=\"wpcf7-list-item-label\">Non<\/span><input type=\"radio\" name=\"mutation\" value=\"Non\" \/><\/label><\/span><\/span><\/span>\n<\/p>\n<p><label> Nom du Licenci\u00e9<br \/>\n<span class=\"wpcf7-form-control-wrap\" data-name=\"your-name\"><input size=\"40\" maxlength=\"400\" class=\"wpcf7-form-control wpcf7-text wpcf7-validates-as-required\" autocomplete=\"name\" aria-required=\"true\" aria-invalid=\"false\" value=\"\" type=\"text\" name=\"your-name\" \/><\/span> <\/label>\n<\/p>\n<p><label> Pr\u00e9nom du Licenci\u00e9<br \/>\n<span class=\"wpcf7-form-control-wrap\" data-name=\"your-prenom\"><input size=\"40\" maxlength=\"400\" class=\"wpcf7-form-control wpcf7-text wpcf7-validates-as-required\" autocomplete=\"prenom\" aria-required=\"true\" aria-invalid=\"false\" value=\"\" type=\"text\" name=\"your-prenom\" \/><\/span> <\/label>\n<\/p>\n<p><label> Date de Naissance<br \/>\n<span class=\"wpcf7-form-control-wrap\" data-name=\"DatedeNaissance\"><input class=\"wpcf7-form-control wpcf7-date wpcf7-validates-as-required wpcf7-validates-as-date\" max=\"2020-11-01\" aria-required=\"true\" aria-invalid=\"false\" value=\"\" type=\"date\" name=\"DatedeNaissance\" \/><\/span> <\/label>\n<\/p>\n<p><label> Lieu de Naissance<br \/>\n<span class=\"wpcf7-form-control-wrap\" data-name=\"LieudeNaissance\"><input size=\"40\" maxlength=\"400\" class=\"wpcf7-form-control wpcf7-text wpcf7-validates-as-required\" aria-required=\"true\" aria-invalid=\"false\" placeholder=\"\" value=\"\" type=\"text\" name=\"LieudeNaissance\" \/><\/span> <\/label>\n<\/p>\n<h2> Coordonn\u00e9es\n<\/h2>\n<p><label>Nom et Pr\u00e9nom du repr\u00e9sentant l\u00e9gal<br \/>\n<span class=\"wpcf7-form-control-wrap\" data-name=\"NomPrenomParent\"><input size=\"40\" maxlength=\"400\" class=\"wpcf7-form-control wpcf7-text\" aria-invalid=\"false\" placeholder=\"\" value=\"\" type=\"text\" name=\"NomPrenomParent\" \/><\/span><\/label>\n<\/p>\n<p><label>T\u00e9l\u00e9phone<br \/>\n<span class=\"wpcf7-form-control-wrap\" data-name=\"telephone\"><input size=\"40\" maxlength=\"400\" class=\"wpcf7-form-control wpcf7-tel wpcf7-validates-as-required wpcf7-text wpcf7-validates-as-tel\" aria-required=\"true\" aria-invalid=\"false\" placeholder=\"\" value=\"\" type=\"tel\" name=\"telephone\" \/><\/span><\/label>\n<\/p>\n<p><label>Adresse Mail<br \/>\n<span class=\"wpcf7-form-control-wrap\" data-name=\"AdresseMail\"><input size=\"40\" maxlength=\"400\" class=\"wpcf7-form-control wpcf7-email wpcf7-validates-as-required wpcf7-text wpcf7-validates-as-email\" aria-required=\"true\" aria-invalid=\"false\" placeholder=\"\" value=\"\" type=\"email\" name=\"AdresseMail\" \/><\/span><\/label>\n<\/p>\n<p><label>Num\u00e9ro et Rue<br \/>\n<span class=\"wpcf7-form-control-wrap\" data-name=\"numerorue\"><input size=\"40\" maxlength=\"400\" class=\"wpcf7-form-control wpcf7-text wpcf7-validates-as-required\" aria-required=\"true\" aria-invalid=\"false\" placeholder=\"\" value=\"\" type=\"text\" name=\"numerorue\" \/><\/span><\/label>\n<\/p>\n<p><label>Code Postal<br \/>\n<span class=\"wpcf7-form-control-wrap\" data-name=\"codepostal\"><input size=\"40\" maxlength=\"400\" class=\"wpcf7-form-control wpcf7-text wpcf7-validates-as-required\" aria-required=\"true\" aria-invalid=\"false\" placeholder=\"\" value=\"\" type=\"text\" name=\"codepostal\" \/><\/span><\/label>\n<\/p>\n<p><label>Ville<br \/>\n<span class=\"wpcf7-form-control-wrap\" data-name=\"ville\"><input size=\"40\" maxlength=\"400\" class=\"wpcf7-form-control wpcf7-text wpcf7-validates-as-required\" aria-required=\"true\" aria-invalid=\"false\" placeholder=\"\" value=\"\" type=\"text\" name=\"ville\" \/><\/span><\/label>\n<\/p>\n<h2>Informations de cr\u00e9ation de licence\n<\/h2>\n<p><label>Je m'engage \u00e0 verser la cotisation annuelle correspondant \u00e0 la cat\u00e9gorie d'\u00e2ge sans ce paiement, il n'y aura pas de possibilit\u00e9 de participer aux entrainements au del\u00e0 du 15\/09\/2023. <span class=\"wpcf7-form-control-wrap\" data-name=\"AcceptationPaiement\"><span class=\"wpcf7-form-control wpcf7-acceptance\"><span class=\"wpcf7-list-item\"><label><input type=\"checkbox\" name=\"AcceptationPaiement\" value=\"1\" aria-invalid=\"false\" \/><span class=\"wpcf7-list-item-label\">Oui, je m'engage \u00e0 verser le montant de la licence.<\/span><\/label><\/span><\/span><\/span><\/label>\n<\/p>\n<p><label>Droit \u00e0 l'image<\/label><br \/>\n<label>lors des rencontres votre image peut \u00eatre utilis\u00e9 pour produire des contenus \u00e0 destination des autres licenci\u00e9s ou personnes suivant le club sur les diff\u00e9rents m\u00e9dias de l'Association sportive de Basketball. <span class=\"wpcf7-form-control-wrap\" data-name=\"droitimage\"><span class=\"wpcf7-form-control wpcf7-radio\"><span class=\"wpcf7-list-item first\"><label><input type=\"radio\" name=\"droitimage\" value=\"Oui\" checked=\"checked\" \/><span class=\"wpcf7-list-item-label\">Oui<\/span><\/label><\/span><span class=\"wpcf7-list-item last\"><label><input type=\"radio\" name=\"droitimage\" value=\"Non\" \/><span class=\"wpcf7-list-item-label\">Non<\/span><\/label><\/span><\/span><\/span><\/label>\n<\/p>\n<p><input class=\"wpcf7-form-control wpcf7-submit has-spinner\" type=\"submit\" value=\"Transmettre ma pr\u00e9-inscription\" \/>\n<\/p><div class=\"wpcf7-response-output\" aria-hidden=\"true\"><\/div>\n<\/form>\n<\/div>\n<\/div>\n\n\n\n<div data-wp-interactive=\"core\/file\" class=\"wp-block-file\"><object data-wp-bind--hidden=\"!state.hasPdfPreview\" hidden class=\"wp-block-file__embed\" data=\"https:\/\/strasbourg-basket.fr\/wp-content\/uploads\/2023\/07\/Cotisations-2023-2024.pdf\" type=\"application\/pdf\" style=\"width:100%;height:600px\" aria-label=\"Contenu embarqu\u00e9 Cotisations 2023 : 2024.\"><\/object><a id=\"wp-block-file--media-37534eb0-3d23-4f73-908d-71a0e538ca83\" href=\"https:\/\/strasbourg-basket.fr\/wp-content\/uploads\/2023\/07\/Cotisations-2023-2024.pdf\">Cotisations 2023 : 2024<\/a><a href=\"https:\/\/strasbourg-basket.fr\/wp-content\/uploads\/2023\/07\/Cotisations-2023-2024.pdf\" class=\"wp-block-file__button wp-element-button\" download aria-describedby=\"wp-block-file--media-37534eb0-3d23-4f73-908d-71a0e538ca83\">T\u00e9l\u00e9charger<\/a><\/div>\n","protected":false},"excerpt":{"rendered":"Informations G\u00e9n\u00e9rales Avez-vous jou\u00e9 au basketball dans un autre club la saison pr\u00e9c\u00e9dente ? OuiNon Nom du Licenci\u00e9 Pr\u00e9nom du Licenci\u00e9 Date de Naissance Lieu de Naissance Coordonn\u00e9es Nom et Pr\u00e9nom du repr\u00e9sentant l\u00e9gal T\u00e9l\u00e9phone Adresse Mail Num\u00e9ro et Rue Code Postal Ville Informations de cr\u00e9ation de licence Je m'engage \u00e0 verser la cotisation annuelle...","protected":false},"author":1,"featured_media":0,"comment_status":"open","ping_status":"open","sticky":false,"template":"","format":"standard","meta":{"_uag_custom_page_level_css":"","footnotes":""},"categories":[68],"tags":[],"class_list":["post-1323","post","type-post","status-publish","format-standard","hentry","category-inscription"],"yoast_head":"<!-- This site is optimized with the Yoast SEO plugin v28.4 - https:\/\/yoast.com\/product\/yoast-seo-wordpress\/ -->\n<title>Pr\u00e9-Adh\u00e9sion - Nouvel Inscription - Strasbourg Basketball<\/title>\n<meta name=\"robots\" content=\"index, follow, max-snippet:-1, max-image-preview:large, max-video-preview:-1\" \/>\n<link rel=\"canonical\" href=\"https:\/\/strasbourg-basket.fr\/index.php\/2023\/06\/09\/pre-adhesion-nouvel-inscription\/\" \/>\n<meta property=\"og:locale\" content=\"fr_FR\" \/>\n<meta property=\"og:type\" content=\"article\" \/>\n<meta property=\"og:title\" content=\"Pr\u00e9-Adh\u00e9sion - Nouvel Inscription - Strasbourg Basketball\" \/>\n<meta property=\"og:url\" content=\"https:\/\/strasbourg-basket.fr\/index.php\/2023\/06\/09\/pre-adhesion-nouvel-inscription\/\" \/>\n<meta property=\"og:site_name\" content=\"Strasbourg Basketball\" \/>\n<meta property=\"article:published_time\" content=\"2023-06-09T13:10:30+00:00\" \/>\n<meta property=\"article:modified_time\" content=\"2023-07-18T11:20:40+00:00\" \/>\n<meta name=\"author\" content=\"Pierre Banzet\" \/>\n<meta name=\"twitter:card\" content=\"summary_large_image\" \/>\n<meta name=\"twitter:label1\" content=\"\u00c9crit par\" \/>\n\t<meta name=\"twitter:data1\" content=\"Pierre Banzet\" \/>\n<script type=\"application\/ld+json\" class=\"yoast-schema-graph\">{\"@context\":\"https:\\\/\\\/schema.org\",\"@graph\":[{\"@type\":\"Article\",\"@id\":\"https:\\\/\\\/strasbourg-basket.fr\\\/index.php\\\/2023\\\/06\\\/09\\\/pre-adhesion-nouvel-inscription\\\/#article\",\"isPartOf\":{\"@id\":\"https:\\\/\\\/strasbourg-basket.fr\\\/index.php\\\/2023\\\/06\\\/09\\\/pre-adhesion-nouvel-inscription\\\/\"},\"author\":{\"name\":\"Pierre Banzet\",\"@id\":\"https:\\\/\\\/strasbourg-basket.fr\\\/#\\\/schema\\\/person\\\/8bf6ce140178794db781490d690bdeb5\"},\"headline\":\"Pr\u00e9-Adh\u00e9sion &#8211; Nouvel Inscription\",\"datePublished\":\"2023-06-09T13:10:30+00:00\",\"dateModified\":\"2023-07-18T11:20:40+00:00\",\"mainEntityOfPage\":{\"@id\":\"https:\\\/\\\/strasbourg-basket.fr\\\/index.php\\\/2023\\\/06\\\/09\\\/pre-adhesion-nouvel-inscription\\\/\"},\"wordCount\":17,\"commentCount\":0,\"publisher\":{\"@id\":\"https:\\\/\\\/strasbourg-basket.fr\\\/#organization\"},\"articleSection\":[\"Inscription\"],\"inLanguage\":\"fr-FR\"},{\"@type\":\"WebPage\",\"@id\":\"https:\\\/\\\/strasbourg-basket.fr\\\/index.php\\\/2023\\\/06\\\/09\\\/pre-adhesion-nouvel-inscription\\\/\",\"url\":\"https:\\\/\\\/strasbourg-basket.fr\\\/index.php\\\/2023\\\/06\\\/09\\\/pre-adhesion-nouvel-inscription\\\/\",\"name\":\"Pr\u00e9-Adh\u00e9sion - Nouvel Inscription - Strasbourg Basketball\",\"isPartOf\":{\"@id\":\"https:\\\/\\\/strasbourg-basket.fr\\\/#website\"},\"datePublished\":\"2023-06-09T13:10:30+00:00\",\"dateModified\":\"2023-07-18T11:20:40+00:00\",\"breadcrumb\":{\"@id\":\"https:\\\/\\\/strasbourg-basket.fr\\\/index.php\\\/2023\\\/06\\\/09\\\/pre-adhesion-nouvel-inscription\\\/#breadcrumb\"},\"inLanguage\":\"fr-FR\",\"potentialAction\":[{\"@type\":\"ReadAction\",\"target\":[\"https:\\\/\\\/strasbourg-basket.fr\\\/index.php\\\/2023\\\/06\\\/09\\\/pre-adhesion-nouvel-inscription\\\/\"]}]},{\"@type\":\"BreadcrumbList\",\"@id\":\"https:\\\/\\\/strasbourg-basket.fr\\\/index.php\\\/2023\\\/06\\\/09\\\/pre-adhesion-nouvel-inscription\\\/#breadcrumb\",\"itemListElement\":[{\"@type\":\"ListItem\",\"position\":1,\"name\":\"Accueil\",\"item\":\"https:\\\/\\\/strasbourg-basket.fr\\\/\"},{\"@type\":\"ListItem\",\"position\":2,\"name\":\"Pr\u00e9-Adh\u00e9sion &#8211; Nouvel Inscription\"}]},{\"@type\":\"WebSite\",\"@id\":\"https:\\\/\\\/strasbourg-basket.fr\\\/#website\",\"url\":\"https:\\\/\\\/strasbourg-basket.fr\\\/\",\"name\":\"AS Strasbourg Basketball\",\"description\":\"Depuis 1920 pour faire vivre le basket Strasbourgeois\",\"publisher\":{\"@id\":\"https:\\\/\\\/strasbourg-basket.fr\\\/#organization\"},\"potentialAction\":[{\"@type\":\"SearchAction\",\"target\":{\"@type\":\"EntryPoint\",\"urlTemplate\":\"https:\\\/\\\/strasbourg-basket.fr\\\/?s={search_term_string}\"},\"query-input\":{\"@type\":\"PropertyValueSpecification\",\"valueRequired\":true,\"valueName\":\"search_term_string\"}}],\"inLanguage\":\"fr-FR\"},{\"@type\":\"Organization\",\"@id\":\"https:\\\/\\\/strasbourg-basket.fr\\\/#organization\",\"name\":\"AS Strasbourg Basketball\",\"url\":\"https:\\\/\\\/strasbourg-basket.fr\\\/\",\"logo\":{\"@type\":\"ImageObject\",\"inLanguage\":\"fr-FR\",\"@id\":\"https:\\\/\\\/strasbourg-basket.fr\\\/#\\\/schema\\\/logo\\\/image\\\/\",\"url\":\"https:\\\/\\\/strasbourg-basket.fr\\\/wp-content\\\/uploads\\\/2023\\\/05\\\/blason_rouge-fond-transparent-e1686317879738.png\",\"contentUrl\":\"https:\\\/\\\/strasbourg-basket.fr\\\/wp-content\\\/uploads\\\/2023\\\/05\\\/blason_rouge-fond-transparent-e1686317879738.png\",\"width\":2891,\"height\":2565,\"caption\":\"AS Strasbourg Basketball\"},\"image\":{\"@id\":\"https:\\\/\\\/strasbourg-basket.fr\\\/#\\\/schema\\\/logo\\\/image\\\/\"}},{\"@type\":\"Person\",\"@id\":\"https:\\\/\\\/strasbourg-basket.fr\\\/#\\\/schema\\\/person\\\/8bf6ce140178794db781490d690bdeb5\",\"name\":\"Pierre Banzet\",\"image\":{\"@type\":\"ImageObject\",\"inLanguage\":\"fr-FR\",\"@id\":\"https:\\\/\\\/secure.gravatar.com\\\/avatar\\\/b13970bef5d0d39e16b4845d13a015808db8742a5efb21ad0f06970298528b9b?s=96&d=blank&r=x\",\"url\":\"https:\\\/\\\/secure.gravatar.com\\\/avatar\\\/b13970bef5d0d39e16b4845d13a015808db8742a5efb21ad0f06970298528b9b?s=96&d=blank&r=x\",\"contentUrl\":\"https:\\\/\\\/secure.gravatar.com\\\/avatar\\\/b13970bef5d0d39e16b4845d13a015808db8742a5efb21ad0f06970298528b9b?s=96&d=blank&r=x\",\"caption\":\"Pierre Banzet\"},\"sameAs\":[\"http:\\\/\\\/dvkdvdk.cluster030.hosting.ovh.net\"],\"url\":\"https:\\\/\\\/strasbourg-basket.fr\\\/index.php\\\/author\\\/admin4230\\\/\"}]}<\/script>\n<!-- \/ Yoast SEO plugin. -->","yoast_head_json":{"title":"Pr\u00e9-Adh\u00e9sion - Nouvel Inscription - Strasbourg Basketball","robots":{"index":"index","follow":"follow","max-snippet":"max-snippet:-1","max-image-preview":"max-image-preview:large","max-video-preview":"max-video-preview:-1"},"canonical":"https:\/\/strasbourg-basket.fr\/index.php\/2023\/06\/09\/pre-adhesion-nouvel-inscription\/","og_locale":"fr_FR","og_type":"article","og_title":"Pr\u00e9-Adh\u00e9sion - Nouvel Inscription - Strasbourg Basketball","og_url":"https:\/\/strasbourg-basket.fr\/index.php\/2023\/06\/09\/pre-adhesion-nouvel-inscription\/","og_site_name":"Strasbourg Basketball","article_published_time":"2023-06-09T13:10:30+00:00","article_modified_time":"2023-07-18T11:20:40+00:00","author":"Pierre Banzet","twitter_card":"summary_large_image","twitter_misc":{"\u00c9crit par":"Pierre Banzet"},"schema":{"@context":"https:\/\/schema.org","@graph":[{"@type":"Article","@id":"https:\/\/strasbourg-basket.fr\/index.php\/2023\/06\/09\/pre-adhesion-nouvel-inscription\/#article","isPartOf":{"@id":"https:\/\/strasbourg-basket.fr\/index.php\/2023\/06\/09\/pre-adhesion-nouvel-inscription\/"},"author":{"name":"Pierre Banzet","@id":"https:\/\/strasbourg-basket.fr\/#\/schema\/person\/8bf6ce140178794db781490d690bdeb5"},"headline":"Pr\u00e9-Adh\u00e9sion &#8211; Nouvel Inscription","datePublished":"2023-06-09T13:10:30+00:00","dateModified":"2023-07-18T11:20:40+00:00","mainEntityOfPage":{"@id":"https:\/\/strasbourg-basket.fr\/index.php\/2023\/06\/09\/pre-adhesion-nouvel-inscription\/"},"wordCount":17,"commentCount":0,"publisher":{"@id":"https:\/\/strasbourg-basket.fr\/#organization"},"articleSection":["Inscription"],"inLanguage":"fr-FR"},{"@type":"WebPage","@id":"https:\/\/strasbourg-basket.fr\/index.php\/2023\/06\/09\/pre-adhesion-nouvel-inscription\/","url":"https:\/\/strasbourg-basket.fr\/index.php\/2023\/06\/09\/pre-adhesion-nouvel-inscription\/","name":"Pr\u00e9-Adh\u00e9sion - Nouvel Inscription - Strasbourg Basketball","isPartOf":{"@id":"https:\/\/strasbourg-basket.fr\/#website"},"datePublished":"2023-06-09T13:10:30+00:00","dateModified":"2023-07-18T11:20:40+00:00","breadcrumb":{"@id":"https:\/\/strasbourg-basket.fr\/index.php\/2023\/06\/09\/pre-adhesion-nouvel-inscription\/#breadcrumb"},"inLanguage":"fr-FR","potentialAction":[{"@type":"ReadAction","target":["https:\/\/strasbourg-basket.fr\/index.php\/2023\/06\/09\/pre-adhesion-nouvel-inscription\/"]}]},{"@type":"BreadcrumbList","@id":"https:\/\/strasbourg-basket.fr\/index.php\/2023\/06\/09\/pre-adhesion-nouvel-inscription\/#breadcrumb","itemListElement":[{"@type":"ListItem","position":1,"name":"Accueil","item":"https:\/\/strasbourg-basket.fr\/"},{"@type":"ListItem","position":2,"name":"Pr\u00e9-Adh\u00e9sion &#8211; Nouvel Inscription"}]},{"@type":"WebSite","@id":"https:\/\/strasbourg-basket.fr\/#website","url":"https:\/\/strasbourg-basket.fr\/","name":"AS Strasbourg Basketball","description":"Depuis 1920 pour faire vivre le basket Strasbourgeois","publisher":{"@id":"https:\/\/strasbourg-basket.fr\/#organization"},"potentialAction":[{"@type":"SearchAction","target":{"@type":"EntryPoint","urlTemplate":"https:\/\/strasbourg-basket.fr\/?s={search_term_string}"},"query-input":{"@type":"PropertyValueSpecification","valueRequired":true,"valueName":"search_term_string"}}],"inLanguage":"fr-FR"},{"@type":"Organization","@id":"https:\/\/strasbourg-basket.fr\/#organization","name":"AS Strasbourg Basketball","url":"https:\/\/strasbourg-basket.fr\/","logo":{"@type":"ImageObject","inLanguage":"fr-FR","@id":"https:\/\/strasbourg-basket.fr\/#\/schema\/logo\/image\/","url":"https:\/\/strasbourg-basket.fr\/wp-content\/uploads\/2023\/05\/blason_rouge-fond-transparent-e1686317879738.png","contentUrl":"https:\/\/strasbourg-basket.fr\/wp-content\/uploads\/2023\/05\/blason_rouge-fond-transparent-e1686317879738.png","width":2891,"height":2565,"caption":"AS Strasbourg Basketball"},"image":{"@id":"https:\/\/strasbourg-basket.fr\/#\/schema\/logo\/image\/"}},{"@type":"Person","@id":"https:\/\/strasbourg-basket.fr\/#\/schema\/person\/8bf6ce140178794db781490d690bdeb5","name":"Pierre Banzet","image":{"@type":"ImageObject","inLanguage":"fr-FR","@id":"https:\/\/secure.gravatar.com\/avatar\/b13970bef5d0d39e16b4845d13a015808db8742a5efb21ad0f06970298528b9b?s=96&d=blank&r=x","url":"https:\/\/secure.gravatar.com\/avatar\/b13970bef5d0d39e16b4845d13a015808db8742a5efb21ad0f06970298528b9b?s=96&d=blank&r=x","contentUrl":"https:\/\/secure.gravatar.com\/avatar\/b13970bef5d0d39e16b4845d13a015808db8742a5efb21ad0f06970298528b9b?s=96&d=blank&r=x","caption":"Pierre Banzet"},"sameAs":["http:\/\/dvkdvdk.cluster030.hosting.ovh.net"],"url":"https:\/\/strasbourg-basket.fr\/index.php\/author\/admin4230\/"}]}},"uagb_featured_image_src":{"full":false,"thumbnail":false,"medium":false,"medium_large":false,"large":false,"1536x1536":false,"2048x2048":false,"htmega_size_585x295":false,"htmega_size_1170x536":false,"htmega_size_396x360":false,"sportspress-crop-medium":false,"sportspress-fit-medium":false,"sportspress-fit-icon":false,"sportspress-fit-mini":false,"stm-1140-666":false,"stm-1170-650":false,"stm-570-350":false,"stm-570-250":false,"stm-270-370":false,"stm-540-500":false,"stm-270-530":false,"stm-200-200":false,"stm-85-105":false,"stm-255-255":false,"stm-360-240":false,"stm-360-495":false,"stm-445-400":false,"stm-735-240":false,"stm-255-183":false,"stm-350-250":false,"blog_list":false,"blog_list_medium":false,"gallery_thumbnail":false,"gallery_image":false,"gallery_image_mini":false,"player_photo":false,"team_logo":false,"player_stat_ava":false,"post-350-220":false,"post-275-142":false,"post-160-120":false,"post-110-70":false,"post-770-450":false,"post-370-210":false,"post-457-470":false,"post-370-420":false,"stm-445-445":false,"stm-555-460":false,"stm-350-450":false,"stm-720-440":false,"stm-270-270":false,"stm-760-450":false},"uagb_author_info":{"display_name":"Pierre Banzet","author_link":"https:\/\/strasbourg-basket.fr\/index.php\/author\/admin4230\/"},"uagb_comment_info":0,"uagb_excerpt":null,"_links":{"self":[{"href":"https:\/\/strasbourg-basket.fr\/index.php\/wp-json\/wp\/v2\/posts\/1323","targetHints":{"allow":["GET"]}}],"collection":[{"href":"https:\/\/strasbourg-basket.fr\/index.php\/wp-json\/wp\/v2\/posts"}],"about":[{"href":"https:\/\/strasbourg-basket.fr\/index.php\/wp-json\/wp\/v2\/types\/post"}],"author":[{"embeddable":true,"href":"https:\/\/strasbourg-basket.fr\/index.php\/wp-json\/wp\/v2\/users\/1"}],"replies":[{"embeddable":true,"href":"https:\/\/strasbourg-basket.fr\/index.php\/wp-json\/wp\/v2\/comments?post=1323"}],"version-history":[{"count":4,"href":"https:\/\/strasbourg-basket.fr\/index.php\/wp-json\/wp\/v2\/posts\/1323\/revisions"}],"predecessor-version":[{"id":1348,"href":"https:\/\/strasbourg-basket.fr\/index.php\/wp-json\/wp\/v2\/posts\/1323\/revisions\/1348"}],"wp:attachment":[{"href":"https:\/\/strasbourg-basket.fr\/index.php\/wp-json\/wp\/v2\/media?parent=1323"}],"wp:term":[{"taxonomy":"category","embeddable":true,"href":"https:\/\/strasbourg-basket.fr\/index.php\/wp-json\/wp\/v2\/categories?post=1323"},{"taxonomy":"post_tag","embeddable":true,"href":"https:\/\/strasbourg-basket.fr\/index.php\/wp-json\/wp\/v2\/tags?post=1323"}],"curies":[{"name":"wp","href":"https:\/\/api.w.org\/{rel}","templated":true}]}}