{"id":1325,"date":"2024-05-30T18:06:02","date_gmt":"2024-05-30T16:06:02","guid":{"rendered":"https:\/\/strasbourg-basket.fr\/?p=1325"},"modified":"2025-07-14T10:30:20","modified_gmt":"2025-07-14T08:30:20","slug":"inscription-2024-2025","status":"publish","type":"post","link":"https:\/\/strasbourg-basket.fr\/index.php\/2024\/05\/30\/inscription-2024-2025\/","title":{"rendered":"Inscription 2025\/2026"},"content":{"rendered":"\t\t<div data-elementor-type=\"wp-post\" data-elementor-id=\"1325\" class=\"elementor elementor-1325\">\n\t\t\t\t<div class=\"elementor-element elementor-element-5315b7c e-flex e-con-boxed e-con e-parent\" data-id=\"5315b7c\" data-element_type=\"container\" data-e-type=\"container\">\n\t\t\t\t\t<div class=\"e-con-inner\">\n\t\t\t\t<div class=\"elementor-element elementor-element-533ef7f elementor-widget elementor-widget-heading\" data-id=\"533ef7f\" data-element_type=\"widget\" data-e-type=\"widget\" data-widget_type=\"heading.default\">\n\t\t\t\t<div class=\"elementor-widget-container\">\n\t\t\t\t\t<h2 class=\"elementor-heading-title elementor-size-default\">Formulaire d'inscription<\/h2>\t\t\t\t<\/div>\n\t\t\t\t<\/div>\n\t\t\t\t<div class=\"elementor-element elementor-element-d8452ac elementor-widget elementor-widget-html\" data-id=\"d8452ac\" data-element_type=\"widget\" data-e-type=\"widget\" data-widget_type=\"html.default\">\n\t\t\t\t<div class=\"elementor-widget-container\">\n\t\t\t\t\t<iframe id=\"\" allowtransparency=\"true\" allowfullscreen=\"true\" allow=\"geolocation; microphone; camera\" src=\"https:\/\/wq1nxavo.forms.app\/form\/68582758e55691af54f5cb61\" frameborder=\"0\" style=\"width: 100vw; min-width:100%; height:100vh; border:none;\"><\/iframe>\t\t\t\t<\/div>\n\t\t\t\t<\/div>\n\t\t\t\t<div class=\"elementor-element elementor-element-43f4eab elementor-widget elementor-widget-spacer\" data-id=\"43f4eab\" data-element_type=\"widget\" data-e-type=\"widget\" data-widget_type=\"spacer.default\">\n\t\t\t\t<div class=\"elementor-widget-container\">\n\t\t\t\t\t\t\t<div class=\"elementor-spacer\">\n\t\t\t<div class=\"elementor-spacer-inner\"><\/div>\n\t\t<\/div>\n\t\t\t\t\t\t<\/div>\n\t\t\t\t<\/div>\n\t\t\t\t\t<\/div>\n\t\t\t\t<\/div>\n\t\t<div class=\"elementor-element elementor-element-120365e e-flex e-con-boxed e-con e-parent\" data-id=\"120365e\" data-element_type=\"container\" data-e-type=\"container\">\n\t\t\t\t\t<div class=\"e-con-inner\">\n\t\t\t\t<div class=\"elementor-element elementor-element-b24360d elementor-widget elementor-widget-heading\" data-id=\"b24360d\" data-element_type=\"widget\" data-e-type=\"widget\" data-widget_type=\"heading.default\">\n\t\t\t\t<div class=\"elementor-widget-container\">\n\t\t\t\t\t<h2 class=\"elementor-heading-title elementor-size-default\">Planning Entrainement 2025\/2026<\/h2>\t\t\t\t<\/div>\n\t\t\t\t<\/div>\n\t\t\t\t\t<\/div>\n\t\t\t\t<\/div>\n\t\t<div class=\"elementor-element elementor-element-ea05d4e e-flex e-con-boxed e-con e-parent\" data-id=\"ea05d4e\" data-element_type=\"container\" data-e-type=\"container\">\n\t\t\t\t\t<div class=\"e-con-inner\">\n\t\t\t\t<div class=\"elementor-element elementor-element-3e8c581 elementor-widget elementor-widget-image\" data-id=\"3e8c581\" data-element_type=\"widget\" data-e-type=\"widget\" data-widget_type=\"image.default\">\n\t\t\t\t<div class=\"elementor-widget-container\">\n\t\t\t\t\t\t\t\t\t\t\t\t\t\t\t<img fetchpriority=\"high\" decoding=\"async\" width=\"1024\" height=\"648\" src=\"https:\/\/strasbourg-basket.fr\/wp-content\/uploads\/2024\/05\/Planning-2526-1024x648.png\" class=\"attachment-large size-large wp-image-2063\" alt=\"\" srcset=\"https:\/\/strasbourg-basket.fr\/wp-content\/uploads\/2024\/05\/Planning-2526-1024x648.png 1024w, https:\/\/strasbourg-basket.fr\/wp-content\/uploads\/2024\/05\/Planning-2526-300x190.png 300w, https:\/\/strasbourg-basket.fr\/wp-content\/uploads\/2024\/05\/Planning-2526-768x486.png 768w, https:\/\/strasbourg-basket.fr\/wp-content\/uploads\/2024\/05\/Planning-2526-1536x972.png 1536w, https:\/\/strasbourg-basket.fr\/wp-content\/uploads\/2024\/05\/Planning-2526-2048x1296.png 2048w, https:\/\/strasbourg-basket.fr\/wp-content\/uploads\/2024\/05\/Planning-2526-128x81.png 128w, https:\/\/strasbourg-basket.fr\/wp-content\/uploads\/2024\/05\/Planning-2526-32x20.png 32w, https:\/\/strasbourg-basket.fr\/wp-content\/uploads\/2024\/05\/Planning-2526-98x62.png 98w, https:\/\/strasbourg-basket.fr\/wp-content\/uploads\/2024\/05\/Planning-2526-350x220.png 350w, https:\/\/strasbourg-basket.fr\/wp-content\/uploads\/2024\/05\/Planning-2526-110x70.png 110w\" sizes=\"(max-width: 1024px) 100vw, 1024px\" \/>\t\t\t\t\t\t\t\t\t\t\t\t\t\t\t<\/div>\n\t\t\t\t<\/div>\n\t\t\t\t\t<\/div>\n\t\t\t\t<\/div>\n\t\t\t\t<\/div>\n\t\t","protected":false},"excerpt":{"rendered":"<p>Formulaire d&#8217;inscription Planning Entrainement 2025\/2026<\/p>\n","protected":false},"author":1,"featured_media":0,"comment_status":"closed","ping_status":"closed","sticky":false,"template":"","format":"standard","meta":{"_uag_custom_page_level_css":"","footnotes":""},"categories":[68],"tags":[],"class_list":["post-1325","post","type-post","status-publish","format-standard","hentry","category-inscription"],"yoast_head":"<!-- This site is optimized with the Yoast SEO plugin v28.4 - https:\/\/yoast.com\/product\/yoast-seo-wordpress\/ -->\n<title>Inscription 2025\/2026 - Strasbourg Basketball<\/title>\n<meta name=\"robots\" content=\"index, follow, max-snippet:-1, max-image-preview:large, max-video-preview:-1\" \/>\n<link rel=\"canonical\" href=\"https:\/\/strasbourg-basket.fr\/index.php\/2024\/05\/30\/inscription-2024-2025\/\" \/>\n<meta property=\"og:locale\" content=\"fr_FR\" \/>\n<meta property=\"og:type\" content=\"article\" \/>\n<meta property=\"og:title\" content=\"Inscription 2025\/2026 - Strasbourg Basketball\" \/>\n<meta property=\"og:description\" content=\"Formulaire d&#8217;inscription Planning Entrainement 2025\/2026\" \/>\n<meta property=\"og:url\" content=\"https:\/\/strasbourg-basket.fr\/index.php\/2024\/05\/30\/inscription-2024-2025\/\" \/>\n<meta property=\"og:site_name\" content=\"Strasbourg Basketball\" \/>\n<meta property=\"article:published_time\" content=\"2024-05-30T16:06:02+00:00\" \/>\n<meta property=\"article:modified_time\" content=\"2025-07-14T08:30:20+00:00\" \/>\n<meta property=\"og:image\" content=\"https:\/\/strasbourg-basket.fr\/wp-content\/uploads\/2024\/05\/Planning-2526-1024x648.png\" \/>\n<meta name=\"author\" content=\"Pierre Banzet\" \/>\n<meta name=\"twitter:card\" content=\"summary_large_image\" \/>\n<meta name=\"twitter:label1\" content=\"\u00c9crit par\" \/>\n\t<meta name=\"twitter:data1\" content=\"Pierre Banzet\" \/>\n\t<meta name=\"twitter:label2\" content=\"Dur\u00e9e de lecture estim\u00e9e\" \/>\n\t<meta name=\"twitter:data2\" content=\"1 minute\" \/>\n<script type=\"application\/ld+json\" class=\"yoast-schema-graph\">{\"@context\":\"https:\\\/\\\/schema.org\",\"@graph\":[{\"@type\":\"Article\",\"@id\":\"https:\\\/\\\/strasbourg-basket.fr\\\/index.php\\\/2024\\\/05\\\/30\\\/inscription-2024-2025\\\/#article\",\"isPartOf\":{\"@id\":\"https:\\\/\\\/strasbourg-basket.fr\\\/index.php\\\/2024\\\/05\\\/30\\\/inscription-2024-2025\\\/\"},\"author\":{\"name\":\"Pierre Banzet\",\"@id\":\"https:\\\/\\\/strasbourg-basket.fr\\\/#\\\/schema\\\/person\\\/8bf6ce140178794db781490d690bdeb5\"},\"headline\":\"Inscription 2025\\\/2026\",\"datePublished\":\"2024-05-30T16:06:02+00:00\",\"dateModified\":\"2025-07-14T08:30:20+00:00\",\"mainEntityOfPage\":{\"@id\":\"https:\\\/\\\/strasbourg-basket.fr\\\/index.php\\\/2024\\\/05\\\/30\\\/inscription-2024-2025\\\/\"},\"wordCount\":6,\"publisher\":{\"@id\":\"https:\\\/\\\/strasbourg-basket.fr\\\/#organization\"},\"image\":{\"@id\":\"https:\\\/\\\/strasbourg-basket.fr\\\/index.php\\\/2024\\\/05\\\/30\\\/inscription-2024-2025\\\/#primaryimage\"},\"thumbnailUrl\":\"https:\\\/\\\/strasbourg-basket.fr\\\/wp-content\\\/uploads\\\/2024\\\/05\\\/Planning-2526-1024x648.png\",\"articleSection\":[\"Inscription\"],\"inLanguage\":\"fr-FR\"},{\"@type\":\"WebPage\",\"@id\":\"https:\\\/\\\/strasbourg-basket.fr\\\/index.php\\\/2024\\\/05\\\/30\\\/inscription-2024-2025\\\/\",\"url\":\"https:\\\/\\\/strasbourg-basket.fr\\\/index.php\\\/2024\\\/05\\\/30\\\/inscription-2024-2025\\\/\",\"name\":\"Inscription 2025\\\/2026 - Strasbourg Basketball\",\"isPartOf\":{\"@id\":\"https:\\\/\\\/strasbourg-basket.fr\\\/#website\"},\"primaryImageOfPage\":{\"@id\":\"https:\\\/\\\/strasbourg-basket.fr\\\/index.php\\\/2024\\\/05\\\/30\\\/inscription-2024-2025\\\/#primaryimage\"},\"image\":{\"@id\":\"https:\\\/\\\/strasbourg-basket.fr\\\/index.php\\\/2024\\\/05\\\/30\\\/inscription-2024-2025\\\/#primaryimage\"},\"thumbnailUrl\":\"https:\\\/\\\/strasbourg-basket.fr\\\/wp-content\\\/uploads\\\/2024\\\/05\\\/Planning-2526-1024x648.png\",\"datePublished\":\"2024-05-30T16:06:02+00:00\",\"dateModified\":\"2025-07-14T08:30:20+00:00\",\"breadcrumb\":{\"@id\":\"https:\\\/\\\/strasbourg-basket.fr\\\/index.php\\\/2024\\\/05\\\/30\\\/inscription-2024-2025\\\/#breadcrumb\"},\"inLanguage\":\"fr-FR\",\"potentialAction\":[{\"@type\":\"ReadAction\",\"target\":[\"https:\\\/\\\/strasbourg-basket.fr\\\/index.php\\\/2024\\\/05\\\/30\\\/inscription-2024-2025\\\/\"]}]},{\"@type\":\"ImageObject\",\"inLanguage\":\"fr-FR\",\"@id\":\"https:\\\/\\\/strasbourg-basket.fr\\\/index.php\\\/2024\\\/05\\\/30\\\/inscription-2024-2025\\\/#primaryimage\",\"url\":\"https:\\\/\\\/strasbourg-basket.fr\\\/wp-content\\\/uploads\\\/2024\\\/05\\\/Planning-2526-scaled.png\",\"contentUrl\":\"https:\\\/\\\/strasbourg-basket.fr\\\/wp-content\\\/uploads\\\/2024\\\/05\\\/Planning-2526-scaled.png\",\"width\":2560,\"height\":1620},{\"@type\":\"BreadcrumbList\",\"@id\":\"https:\\\/\\\/strasbourg-basket.fr\\\/index.php\\\/2024\\\/05\\\/30\\\/inscription-2024-2025\\\/#breadcrumb\",\"itemListElement\":[{\"@type\":\"ListItem\",\"position\":1,\"name\":\"Accueil\",\"item\":\"https:\\\/\\\/strasbourg-basket.fr\\\/\"},{\"@type\":\"ListItem\",\"position\":2,\"name\":\"Inscription 2025\\\/2026\"}]},{\"@type\":\"WebSite\",\"@id\":\"https:\\\/\\\/strasbourg-basket.fr\\\/#website\",\"url\":\"https:\\\/\\\/strasbourg-basket.fr\\\/\",\"name\":\"AS Strasbourg Basketball\",\"description\":\"Depuis 1920 pour faire vivre le basket Strasbourgeois\",\"publisher\":{\"@id\":\"https:\\\/\\\/strasbourg-basket.fr\\\/#organization\"},\"potentialAction\":[{\"@type\":\"SearchAction\",\"target\":{\"@type\":\"EntryPoint\",\"urlTemplate\":\"https:\\\/\\\/strasbourg-basket.fr\\\/?s={search_term_string}\"},\"query-input\":{\"@type\":\"PropertyValueSpecification\",\"valueRequired\":true,\"valueName\":\"search_term_string\"}}],\"inLanguage\":\"fr-FR\"},{\"@type\":\"Organization\",\"@id\":\"https:\\\/\\\/strasbourg-basket.fr\\\/#organization\",\"name\":\"AS Strasbourg Basketball\",\"url\":\"https:\\\/\\\/strasbourg-basket.fr\\\/\",\"logo\":{\"@type\":\"ImageObject\",\"inLanguage\":\"fr-FR\",\"@id\":\"https:\\\/\\\/strasbourg-basket.fr\\\/#\\\/schema\\\/logo\\\/image\\\/\",\"url\":\"https:\\\/\\\/strasbourg-basket.fr\\\/wp-content\\\/uploads\\\/2023\\\/05\\\/blason_rouge-fond-transparent-e1686317879738.png\",\"contentUrl\":\"https:\\\/\\\/strasbourg-basket.fr\\\/wp-content\\\/uploads\\\/2023\\\/05\\\/blason_rouge-fond-transparent-e1686317879738.png\",\"width\":2891,\"height\":2565,\"caption\":\"AS Strasbourg Basketball\"},\"image\":{\"@id\":\"https:\\\/\\\/strasbourg-basket.fr\\\/#\\\/schema\\\/logo\\\/image\\\/\"}},{\"@type\":\"Person\",\"@id\":\"https:\\\/\\\/strasbourg-basket.fr\\\/#\\\/schema\\\/person\\\/8bf6ce140178794db781490d690bdeb5\",\"name\":\"Pierre Banzet\",\"image\":{\"@type\":\"ImageObject\",\"inLanguage\":\"fr-FR\",\"@id\":\"https:\\\/\\\/secure.gravatar.com\\\/avatar\\\/b13970bef5d0d39e16b4845d13a015808db8742a5efb21ad0f06970298528b9b?s=96&d=blank&r=x\",\"url\":\"https:\\\/\\\/secure.gravatar.com\\\/avatar\\\/b13970bef5d0d39e16b4845d13a015808db8742a5efb21ad0f06970298528b9b?s=96&d=blank&r=x\",\"contentUrl\":\"https:\\\/\\\/secure.gravatar.com\\\/avatar\\\/b13970bef5d0d39e16b4845d13a015808db8742a5efb21ad0f06970298528b9b?s=96&d=blank&r=x\",\"caption\":\"Pierre Banzet\"},\"sameAs\":[\"http:\\\/\\\/dvkdvdk.cluster030.hosting.ovh.net\"],\"url\":\"https:\\\/\\\/strasbourg-basket.fr\\\/index.php\\\/author\\\/admin4230\\\/\"}]}<\/script>\n<!-- \/ Yoast SEO plugin. -->","yoast_head_json":{"title":"Inscription 2025\/2026 - Strasbourg Basketball","robots":{"index":"index","follow":"follow","max-snippet":"max-snippet:-1","max-image-preview":"max-image-preview:large","max-video-preview":"max-video-preview:-1"},"canonical":"https:\/\/strasbourg-basket.fr\/index.php\/2024\/05\/30\/inscription-2024-2025\/","og_locale":"fr_FR","og_type":"article","og_title":"Inscription 2025\/2026 - Strasbourg Basketball","og_description":"Formulaire d&#8217;inscription Planning Entrainement 2025\/2026","og_url":"https:\/\/strasbourg-basket.fr\/index.php\/2024\/05\/30\/inscription-2024-2025\/","og_site_name":"Strasbourg Basketball","article_published_time":"2024-05-30T16:06:02+00:00","article_modified_time":"2025-07-14T08:30:20+00:00","og_image":[{"url":"https:\/\/strasbourg-basket.fr\/wp-content\/uploads\/2024\/05\/Planning-2526-1024x648.png","type":"","width":"","height":""}],"author":"Pierre Banzet","twitter_card":"summary_large_image","twitter_misc":{"\u00c9crit par":"Pierre Banzet","Dur\u00e9e de lecture estim\u00e9e":"1 minute"},"schema":{"@context":"https:\/\/schema.org","@graph":[{"@type":"Article","@id":"https:\/\/strasbourg-basket.fr\/index.php\/2024\/05\/30\/inscription-2024-2025\/#article","isPartOf":{"@id":"https:\/\/strasbourg-basket.fr\/index.php\/2024\/05\/30\/inscription-2024-2025\/"},"author":{"name":"Pierre Banzet","@id":"https:\/\/strasbourg-basket.fr\/#\/schema\/person\/8bf6ce140178794db781490d690bdeb5"},"headline":"Inscription 2025\/2026","datePublished":"2024-05-30T16:06:02+00:00","dateModified":"2025-07-14T08:30:20+00:00","mainEntityOfPage":{"@id":"https:\/\/strasbourg-basket.fr\/index.php\/2024\/05\/30\/inscription-2024-2025\/"},"wordCount":6,"publisher":{"@id":"https:\/\/strasbourg-basket.fr\/#organization"},"image":{"@id":"https:\/\/strasbourg-basket.fr\/index.php\/2024\/05\/30\/inscription-2024-2025\/#primaryimage"},"thumbnailUrl":"https:\/\/strasbourg-basket.fr\/wp-content\/uploads\/2024\/05\/Planning-2526-1024x648.png","articleSection":["Inscription"],"inLanguage":"fr-FR"},{"@type":"WebPage","@id":"https:\/\/strasbourg-basket.fr\/index.php\/2024\/05\/30\/inscription-2024-2025\/","url":"https:\/\/strasbourg-basket.fr\/index.php\/2024\/05\/30\/inscription-2024-2025\/","name":"Inscription 2025\/2026 - Strasbourg Basketball","isPartOf":{"@id":"https:\/\/strasbourg-basket.fr\/#website"},"primaryImageOfPage":{"@id":"https:\/\/strasbourg-basket.fr\/index.php\/2024\/05\/30\/inscription-2024-2025\/#primaryimage"},"image":{"@id":"https:\/\/strasbourg-basket.fr\/index.php\/2024\/05\/30\/inscription-2024-2025\/#primaryimage"},"thumbnailUrl":"https:\/\/strasbourg-basket.fr\/wp-content\/uploads\/2024\/05\/Planning-2526-1024x648.png","datePublished":"2024-05-30T16:06:02+00:00","dateModified":"2025-07-14T08:30:20+00:00","breadcrumb":{"@id":"https:\/\/strasbourg-basket.fr\/index.php\/2024\/05\/30\/inscription-2024-2025\/#breadcrumb"},"inLanguage":"fr-FR","potentialAction":[{"@type":"ReadAction","target":["https:\/\/strasbourg-basket.fr\/index.php\/2024\/05\/30\/inscription-2024-2025\/"]}]},{"@type":"ImageObject","inLanguage":"fr-FR","@id":"https:\/\/strasbourg-basket.fr\/index.php\/2024\/05\/30\/inscription-2024-2025\/#primaryimage","url":"https:\/\/strasbourg-basket.fr\/wp-content\/uploads\/2024\/05\/Planning-2526-scaled.png","contentUrl":"https:\/\/strasbourg-basket.fr\/wp-content\/uploads\/2024\/05\/Planning-2526-scaled.png","width":2560,"height":1620},{"@type":"BreadcrumbList","@id":"https:\/\/strasbourg-basket.fr\/index.php\/2024\/05\/30\/inscription-2024-2025\/#breadcrumb","itemListElement":[{"@type":"ListItem","position":1,"name":"Accueil","item":"https:\/\/strasbourg-basket.fr\/"},{"@type":"ListItem","position":2,"name":"Inscription 2025\/2026"}]},{"@type":"WebSite","@id":"https:\/\/strasbourg-basket.fr\/#website","url":"https:\/\/strasbourg-basket.fr\/","name":"AS Strasbourg Basketball","description":"Depuis 1920 pour faire vivre le basket Strasbourgeois","publisher":{"@id":"https:\/\/strasbourg-basket.fr\/#organization"},"potentialAction":[{"@type":"SearchAction","target":{"@type":"EntryPoint","urlTemplate":"https:\/\/strasbourg-basket.fr\/?s={search_term_string}"},"query-input":{"@type":"PropertyValueSpecification","valueRequired":true,"valueName":"search_term_string"}}],"inLanguage":"fr-FR"},{"@type":"Organization","@id":"https:\/\/strasbourg-basket.fr\/#organization","name":"AS Strasbourg Basketball","url":"https:\/\/strasbourg-basket.fr\/","logo":{"@type":"ImageObject","inLanguage":"fr-FR","@id":"https:\/\/strasbourg-basket.fr\/#\/schema\/logo\/image\/","url":"https:\/\/strasbourg-basket.fr\/wp-content\/uploads\/2023\/05\/blason_rouge-fond-transparent-e1686317879738.png","contentUrl":"https:\/\/strasbourg-basket.fr\/wp-content\/uploads\/2023\/05\/blason_rouge-fond-transparent-e1686317879738.png","width":2891,"height":2565,"caption":"AS Strasbourg Basketball"},"image":{"@id":"https:\/\/strasbourg-basket.fr\/#\/schema\/logo\/image\/"}},{"@type":"Person","@id":"https:\/\/strasbourg-basket.fr\/#\/schema\/person\/8bf6ce140178794db781490d690bdeb5","name":"Pierre Banzet","image":{"@type":"ImageObject","inLanguage":"fr-FR","@id":"https:\/\/secure.gravatar.com\/avatar\/b13970bef5d0d39e16b4845d13a015808db8742a5efb21ad0f06970298528b9b?s=96&d=blank&r=x","url":"https:\/\/secure.gravatar.com\/avatar\/b13970bef5d0d39e16b4845d13a015808db8742a5efb21ad0f06970298528b9b?s=96&d=blank&r=x","contentUrl":"https:\/\/secure.gravatar.com\/avatar\/b13970bef5d0d39e16b4845d13a015808db8742a5efb21ad0f06970298528b9b?s=96&d=blank&r=x","caption":"Pierre Banzet"},"sameAs":["http:\/\/dvkdvdk.cluster030.hosting.ovh.net"],"url":"https:\/\/strasbourg-basket.fr\/index.php\/author\/admin4230\/"}]}},"uagb_featured_image_src":{"full":false,"thumbnail":false,"medium":false,"medium_large":false,"large":false,"1536x1536":false,"2048x2048":false,"htmega_size_585x295":false,"htmega_size_1170x536":false,"htmega_size_396x360":false,"sportspress-crop-medium":false,"sportspress-fit-medium":false,"sportspress-fit-icon":false,"sportspress-fit-mini":false,"stm-1140-666":false,"stm-1170-650":false,"stm-570-350":false,"stm-570-250":false,"stm-270-370":false,"stm-540-500":false,"stm-270-530":false,"stm-200-200":false,"stm-85-105":false,"stm-255-255":false,"stm-360-240":false,"stm-360-495":false,"stm-445-400":false,"stm-735-240":false,"stm-255-183":false,"stm-350-250":false,"blog_list":false,"blog_list_medium":false,"gallery_thumbnail":false,"gallery_image":false,"gallery_image_mini":false,"player_photo":false,"team_logo":false,"player_stat_ava":false,"post-350-220":false,"post-275-142":false,"post-160-120":false,"post-110-70":false,"post-770-450":false,"post-370-210":false,"post-457-470":false,"post-370-420":false,"stm-445-445":false,"stm-555-460":false,"stm-350-450":false,"stm-720-440":false,"stm-270-270":false,"stm-760-450":false},"uagb_author_info":{"display_name":"Pierre Banzet","author_link":"https:\/\/strasbourg-basket.fr\/index.php\/author\/admin4230\/"},"uagb_comment_info":0,"uagb_excerpt":"Formulaire d&#8217;inscription Planning Entrainement 2025\/2026","_links":{"self":[{"href":"https:\/\/strasbourg-basket.fr\/index.php\/wp-json\/wp\/v2\/posts\/1325","targetHints":{"allow":["GET"]}}],"collection":[{"href":"https:\/\/strasbourg-basket.fr\/index.php\/wp-json\/wp\/v2\/posts"}],"about":[{"href":"https:\/\/strasbourg-basket.fr\/index.php\/wp-json\/wp\/v2\/types\/post"}],"author":[{"embeddable":true,"href":"https:\/\/strasbourg-basket.fr\/index.php\/wp-json\/wp\/v2\/users\/1"}],"replies":[{"embeddable":true,"href":"https:\/\/strasbourg-basket.fr\/index.php\/wp-json\/wp\/v2\/comments?post=1325"}],"version-history":[{"count":30,"href":"https:\/\/strasbourg-basket.fr\/index.php\/wp-json\/wp\/v2\/posts\/1325\/revisions"}],"predecessor-version":[{"id":2066,"href":"https:\/\/strasbourg-basket.fr\/index.php\/wp-json\/wp\/v2\/posts\/1325\/revisions\/2066"}],"wp:attachment":[{"href":"https:\/\/strasbourg-basket.fr\/index.php\/wp-json\/wp\/v2\/media?parent=1325"}],"wp:term":[{"taxonomy":"category","embeddable":true,"href":"https:\/\/strasbourg-basket.fr\/index.php\/wp-json\/wp\/v2\/categories?post=1325"},{"taxonomy":"post_tag","embeddable":true,"href":"https:\/\/strasbourg-basket.fr\/index.php\/wp-json\/wp\/v2\/tags?post=1325"}],"curies":[{"name":"wp","href":"https:\/\/api.w.org\/{rel}","templated":true}]}}