{"id":2697,"date":"2026-09-01T21:33:21","date_gmt":"2026-09-01T19:33:21","guid":{"rendered":"https:\/\/strasbourg-basket.fr\/?p=2697"},"modified":"2026-09-01T21:55:25","modified_gmt":"2026-09-01T19:55:25","slug":"planning-des-entrainements","status":"publish","type":"post","link":"https:\/\/strasbourg-basket.fr\/index.php\/2026\/09\/01\/planning-des-entrainements\/","title":{"rendered":"Planning des entrainements"},"content":{"rendered":"\t\t<div data-elementor-type=\"wp-post\" data-elementor-id=\"2697\" class=\"elementor elementor-2697\">\n\t\t\t\t<div class=\"elementor-element elementor-element-115f622 e-flex e-con-boxed e-con e-parent\" data-id=\"115f622\" data-element_type=\"container\" data-e-type=\"container\">\n\t\t\t\t\t<div class=\"e-con-inner\">\n\t\t\t\t<div class=\"elementor-element elementor-element-bd4a545 elementor-widget elementor-widget-text-editor\" data-id=\"bd4a545\" data-element_type=\"widget\" data-e-type=\"widget\" data-widget_type=\"text-editor.default\">\n\t\t\t\t<div class=\"elementor-widget-container\">\n\t\t\t\t\t\t\t\t\t<table class=\"table-horizontale\"><thead><tr><th style=\"text-align: center;\">Cat\u00e9gorie<\/th><th style=\"text-align: center;\">U5<\/th><th style=\"text-align: center;\">U7<\/th><th style=\"text-align: center;\">U9<\/th><th style=\"text-align: center;\">U11<\/th><th style=\"text-align: center;\">U13<\/th><th style=\"text-align: center;\">U15<\/th><th style=\"text-align: center;\">U18<\/th><th style=\"text-align: center;\">U21<\/th><th style=\"text-align: center;\">Seniors<\/th><\/tr><\/thead><tbody><tr><th>Ann\u00e9es<\/th><td>2022-2023<\/td><td>2020-2021<\/td><td>2018-2019<\/td><td>2016-2017<\/td><td>2014-2015<\/td><td>2012-2013<\/td><td>2009 \u00e0 2011<\/td><td>2006 \u00e0 2008<\/td><td>\u2264 2005<\/td><\/tr><\/tbody><\/table>\t\t\t\t\t\t\t\t<\/div>\n\t\t\t\t<\/div>\n\t\t\t\t\t<\/div>\n\t\t\t\t<\/div>\n\t\t<div class=\"elementor-element elementor-element-67e1270 e-flex e-con-boxed e-con e-parent\" data-id=\"67e1270\" data-element_type=\"container\" data-e-type=\"container\">\n\t\t\t\t\t<div class=\"e-con-inner\">\n\t\t\t\t<div class=\"elementor-element elementor-element-afdc2b4 elementor-widget elementor-widget-image\" data-id=\"afdc2b4\" data-element_type=\"widget\" data-e-type=\"widget\" data-widget_type=\"image.default\">\n\t\t\t\t<div class=\"elementor-widget-container\">\n\t\t\t\t\t\t\t\t\t\t\t\t\t\t\t<img fetchpriority=\"high\" decoding=\"async\" width=\"1024\" height=\"1536\" src=\"https:\/\/strasbourg-basket.fr\/wp-content\/uploads\/2026\/09\/Planning_26-27.jpeg\" class=\"attachment-2048x2048 size-2048x2048 wp-image-2699\" alt=\"\" srcset=\"https:\/\/strasbourg-basket.fr\/wp-content\/uploads\/2026\/09\/Planning_26-27.jpeg 1024w, https:\/\/strasbourg-basket.fr\/wp-content\/uploads\/2026\/09\/Planning_26-27-200x300.jpeg 200w, https:\/\/strasbourg-basket.fr\/wp-content\/uploads\/2026\/09\/Planning_26-27-683x1024.jpeg 683w, https:\/\/strasbourg-basket.fr\/wp-content\/uploads\/2026\/09\/Planning_26-27-768x1152.jpeg 768w, https:\/\/strasbourg-basket.fr\/wp-content\/uploads\/2026\/09\/Planning_26-27-85x128.jpeg 85w, https:\/\/strasbourg-basket.fr\/wp-content\/uploads\/2026\/09\/Planning_26-27-21x32.jpeg 21w, https:\/\/strasbourg-basket.fr\/wp-content\/uploads\/2026\/09\/Planning_26-27-65x98.jpeg 65w\" sizes=\"(max-width: 1024px) 100vw, 1024px\" \/>\t\t\t\t\t\t\t\t\t\t\t\t\t\t\t<\/div>\n\t\t\t\t<\/div>\n\t\t\t\t\t<\/div>\n\t\t\t\t<\/div>\n\t\t\t\t<\/div>\n\t\t","protected":false},"excerpt":{"rendered":"<p>Cat\u00e9gorie U5 U7 U9 U11 U13 U15 U18 U21 Seniors Ann\u00e9es 2022-2023 2020-2021 2018-2019 2016-2017 2014-2015 2012-2013 2009 \u00e0 2011 2006 \u00e0 2008 \u2264 2005<\/p>\n","protected":false},"author":1,"featured_media":0,"comment_status":"closed","ping_status":"closed","sticky":false,"template":"","format":"standard","meta":{"_uag_custom_page_level_css":"","footnotes":""},"categories":[68],"tags":[],"class_list":["post-2697","post","type-post","status-publish","format-standard","hentry","category-inscription"],"yoast_head":"<!-- This site is optimized with the Yoast SEO plugin v28.4 - https:\/\/yoast.com\/product\/yoast-seo-wordpress\/ -->\n<title>Planning des entrainements - Strasbourg Basketball<\/title>\n<meta name=\"robots\" content=\"index, follow, max-snippet:-1, max-image-preview:large, max-video-preview:-1\" \/>\n<link rel=\"canonical\" href=\"https:\/\/strasbourg-basket.fr\/index.php\/2026\/09\/01\/planning-des-entrainements\/\" \/>\n<meta property=\"og:locale\" content=\"fr_FR\" \/>\n<meta property=\"og:type\" content=\"article\" \/>\n<meta property=\"og:title\" content=\"Planning des entrainements - Strasbourg Basketball\" \/>\n<meta property=\"og:description\" content=\"Cat\u00e9gorie U5 U7 U9 U11 U13 U15 U18 U21 Seniors Ann\u00e9es 2022-2023 2020-2021 2018-2019 2016-2017 2014-2015 2012-2013 2009 \u00e0 2011 2006 \u00e0 2008 \u2264 2005\" \/>\n<meta property=\"og:url\" content=\"https:\/\/strasbourg-basket.fr\/index.php\/2026\/09\/01\/planning-des-entrainements\/\" \/>\n<meta property=\"og:site_name\" content=\"Strasbourg Basketball\" \/>\n<meta property=\"article:published_time\" content=\"2026-09-01T19:33:21+00:00\" \/>\n<meta property=\"article:modified_time\" content=\"2026-09-01T19:55:25+00:00\" \/>\n<meta property=\"og:image\" content=\"https:\/\/strasbourg-basket.fr\/wp-content\/uploads\/2026\/09\/Planning_26-27.jpeg\" \/>\n<meta name=\"author\" content=\"Pierre Banzet\" \/>\n<meta name=\"twitter:card\" content=\"summary_large_image\" \/>\n<meta name=\"twitter:label1\" content=\"\u00c9crit par\" \/>\n\t<meta name=\"twitter:data1\" content=\"Pierre Banzet\" \/>\n\t<meta name=\"twitter:label2\" content=\"Dur\u00e9e de lecture estim\u00e9e\" \/>\n\t<meta name=\"twitter:data2\" content=\"1 minute\" \/>\n<script type=\"application\/ld+json\" class=\"yoast-schema-graph\">{\"@context\":\"https:\\\/\\\/schema.org\",\"@graph\":[{\"@type\":\"Article\",\"@id\":\"https:\\\/\\\/strasbourg-basket.fr\\\/index.php\\\/2026\\\/09\\\/01\\\/planning-des-entrainements\\\/#article\",\"isPartOf\":{\"@id\":\"https:\\\/\\\/strasbourg-basket.fr\\\/index.php\\\/2026\\\/09\\\/01\\\/planning-des-entrainements\\\/\"},\"author\":{\"name\":\"Pierre Banzet\",\"@id\":\"https:\\\/\\\/strasbourg-basket.fr\\\/#\\\/schema\\\/person\\\/8bf6ce140178794db781490d690bdeb5\"},\"headline\":\"Planning des entrainements\",\"datePublished\":\"2026-09-01T19:33:21+00:00\",\"dateModified\":\"2026-09-01T19:55:25+00:00\",\"mainEntityOfPage\":{\"@id\":\"https:\\\/\\\/strasbourg-basket.fr\\\/index.php\\\/2026\\\/09\\\/01\\\/planning-des-entrainements\\\/\"},\"wordCount\":22,\"publisher\":{\"@id\":\"https:\\\/\\\/strasbourg-basket.fr\\\/#organization\"},\"image\":{\"@id\":\"https:\\\/\\\/strasbourg-basket.fr\\\/index.php\\\/2026\\\/09\\\/01\\\/planning-des-entrainements\\\/#primaryimage\"},\"thumbnailUrl\":\"https:\\\/\\\/strasbourg-basket.fr\\\/wp-content\\\/uploads\\\/2026\\\/09\\\/Planning_26-27.jpeg\",\"articleSection\":[\"Inscription\"],\"inLanguage\":\"fr-FR\"},{\"@type\":\"WebPage\",\"@id\":\"https:\\\/\\\/strasbourg-basket.fr\\\/index.php\\\/2026\\\/09\\\/01\\\/planning-des-entrainements\\\/\",\"url\":\"https:\\\/\\\/strasbourg-basket.fr\\\/index.php\\\/2026\\\/09\\\/01\\\/planning-des-entrainements\\\/\",\"name\":\"Planning des entrainements - Strasbourg Basketball\",\"isPartOf\":{\"@id\":\"https:\\\/\\\/strasbourg-basket.fr\\\/#website\"},\"primaryImageOfPage\":{\"@id\":\"https:\\\/\\\/strasbourg-basket.fr\\\/index.php\\\/2026\\\/09\\\/01\\\/planning-des-entrainements\\\/#primaryimage\"},\"image\":{\"@id\":\"https:\\\/\\\/strasbourg-basket.fr\\\/index.php\\\/2026\\\/09\\\/01\\\/planning-des-entrainements\\\/#primaryimage\"},\"thumbnailUrl\":\"https:\\\/\\\/strasbourg-basket.fr\\\/wp-content\\\/uploads\\\/2026\\\/09\\\/Planning_26-27.jpeg\",\"datePublished\":\"2026-09-01T19:33:21+00:00\",\"dateModified\":\"2026-09-01T19:55:25+00:00\",\"breadcrumb\":{\"@id\":\"https:\\\/\\\/strasbourg-basket.fr\\\/index.php\\\/2026\\\/09\\\/01\\\/planning-des-entrainements\\\/#breadcrumb\"},\"inLanguage\":\"fr-FR\",\"potentialAction\":[{\"@type\":\"ReadAction\",\"target\":[\"https:\\\/\\\/strasbourg-basket.fr\\\/index.php\\\/2026\\\/09\\\/01\\\/planning-des-entrainements\\\/\"]}]},{\"@type\":\"ImageObject\",\"inLanguage\":\"fr-FR\",\"@id\":\"https:\\\/\\\/strasbourg-basket.fr\\\/index.php\\\/2026\\\/09\\\/01\\\/planning-des-entrainements\\\/#primaryimage\",\"url\":\"https:\\\/\\\/strasbourg-basket.fr\\\/wp-content\\\/uploads\\\/2026\\\/09\\\/Planning_26-27.jpeg\",\"contentUrl\":\"https:\\\/\\\/strasbourg-basket.fr\\\/wp-content\\\/uploads\\\/2026\\\/09\\\/Planning_26-27.jpeg\",\"width\":1024,\"height\":1536},{\"@type\":\"BreadcrumbList\",\"@id\":\"https:\\\/\\\/strasbourg-basket.fr\\\/index.php\\\/2026\\\/09\\\/01\\\/planning-des-entrainements\\\/#breadcrumb\",\"itemListElement\":[{\"@type\":\"ListItem\",\"position\":1,\"name\":\"Accueil\",\"item\":\"https:\\\/\\\/strasbourg-basket.fr\\\/\"},{\"@type\":\"ListItem\",\"position\":2,\"name\":\"Planning des entrainements\"}]},{\"@type\":\"WebSite\",\"@id\":\"https:\\\/\\\/strasbourg-basket.fr\\\/#website\",\"url\":\"https:\\\/\\\/strasbourg-basket.fr\\\/\",\"name\":\"AS Strasbourg Basketball\",\"description\":\"Depuis 1920 pour faire vivre le basket Strasbourgeois\",\"publisher\":{\"@id\":\"https:\\\/\\\/strasbourg-basket.fr\\\/#organization\"},\"potentialAction\":[{\"@type\":\"SearchAction\",\"target\":{\"@type\":\"EntryPoint\",\"urlTemplate\":\"https:\\\/\\\/strasbourg-basket.fr\\\/?s={search_term_string}\"},\"query-input\":{\"@type\":\"PropertyValueSpecification\",\"valueRequired\":true,\"valueName\":\"search_term_string\"}}],\"inLanguage\":\"fr-FR\"},{\"@type\":\"Organization\",\"@id\":\"https:\\\/\\\/strasbourg-basket.fr\\\/#organization\",\"name\":\"AS Strasbourg Basketball\",\"url\":\"https:\\\/\\\/strasbourg-basket.fr\\\/\",\"logo\":{\"@type\":\"ImageObject\",\"inLanguage\":\"fr-FR\",\"@id\":\"https:\\\/\\\/strasbourg-basket.fr\\\/#\\\/schema\\\/logo\\\/image\\\/\",\"url\":\"https:\\\/\\\/strasbourg-basket.fr\\\/wp-content\\\/uploads\\\/2023\\\/05\\\/blason_rouge-fond-transparent-e1686317879738.png\",\"contentUrl\":\"https:\\\/\\\/strasbourg-basket.fr\\\/wp-content\\\/uploads\\\/2023\\\/05\\\/blason_rouge-fond-transparent-e1686317879738.png\",\"width\":2891,\"height\":2565,\"caption\":\"AS Strasbourg Basketball\"},\"image\":{\"@id\":\"https:\\\/\\\/strasbourg-basket.fr\\\/#\\\/schema\\\/logo\\\/image\\\/\"}},{\"@type\":\"Person\",\"@id\":\"https:\\\/\\\/strasbourg-basket.fr\\\/#\\\/schema\\\/person\\\/8bf6ce140178794db781490d690bdeb5\",\"name\":\"Pierre Banzet\",\"image\":{\"@type\":\"ImageObject\",\"inLanguage\":\"fr-FR\",\"@id\":\"https:\\\/\\\/secure.gravatar.com\\\/avatar\\\/b13970bef5d0d39e16b4845d13a015808db8742a5efb21ad0f06970298528b9b?s=96&d=blank&r=x\",\"url\":\"https:\\\/\\\/secure.gravatar.com\\\/avatar\\\/b13970bef5d0d39e16b4845d13a015808db8742a5efb21ad0f06970298528b9b?s=96&d=blank&r=x\",\"contentUrl\":\"https:\\\/\\\/secure.gravatar.com\\\/avatar\\\/b13970bef5d0d39e16b4845d13a015808db8742a5efb21ad0f06970298528b9b?s=96&d=blank&r=x\",\"caption\":\"Pierre Banzet\"},\"sameAs\":[\"http:\\\/\\\/dvkdvdk.cluster030.hosting.ovh.net\"],\"url\":\"https:\\\/\\\/strasbourg-basket.fr\\\/index.php\\\/author\\\/admin4230\\\/\"}]}<\/script>\n<!-- \/ Yoast SEO plugin. -->","yoast_head_json":{"title":"Planning des entrainements - Strasbourg Basketball","robots":{"index":"index","follow":"follow","max-snippet":"max-snippet:-1","max-image-preview":"max-image-preview:large","max-video-preview":"max-video-preview:-1"},"canonical":"https:\/\/strasbourg-basket.fr\/index.php\/2026\/09\/01\/planning-des-entrainements\/","og_locale":"fr_FR","og_type":"article","og_title":"Planning des entrainements - Strasbourg Basketball","og_description":"Cat\u00e9gorie U5 U7 U9 U11 U13 U15 U18 U21 Seniors Ann\u00e9es 2022-2023 2020-2021 2018-2019 2016-2017 2014-2015 2012-2013 2009 \u00e0 2011 2006 \u00e0 2008 \u2264 2005","og_url":"https:\/\/strasbourg-basket.fr\/index.php\/2026\/09\/01\/planning-des-entrainements\/","og_site_name":"Strasbourg Basketball","article_published_time":"2026-09-01T19:33:21+00:00","article_modified_time":"2026-09-01T19:55:25+00:00","og_image":[{"url":"https:\/\/strasbourg-basket.fr\/wp-content\/uploads\/2026\/09\/Planning_26-27.jpeg","type":"","width":"","height":""}],"author":"Pierre Banzet","twitter_card":"summary_large_image","twitter_misc":{"\u00c9crit par":"Pierre Banzet","Dur\u00e9e de lecture estim\u00e9e":"1 minute"},"schema":{"@context":"https:\/\/schema.org","@graph":[{"@type":"Article","@id":"https:\/\/strasbourg-basket.fr\/index.php\/2026\/09\/01\/planning-des-entrainements\/#article","isPartOf":{"@id":"https:\/\/strasbourg-basket.fr\/index.php\/2026\/09\/01\/planning-des-entrainements\/"},"author":{"name":"Pierre Banzet","@id":"https:\/\/strasbourg-basket.fr\/#\/schema\/person\/8bf6ce140178794db781490d690bdeb5"},"headline":"Planning des entrainements","datePublished":"2026-09-01T19:33:21+00:00","dateModified":"2026-09-01T19:55:25+00:00","mainEntityOfPage":{"@id":"https:\/\/strasbourg-basket.fr\/index.php\/2026\/09\/01\/planning-des-entrainements\/"},"wordCount":22,"publisher":{"@id":"https:\/\/strasbourg-basket.fr\/#organization"},"image":{"@id":"https:\/\/strasbourg-basket.fr\/index.php\/2026\/09\/01\/planning-des-entrainements\/#primaryimage"},"thumbnailUrl":"https:\/\/strasbourg-basket.fr\/wp-content\/uploads\/2026\/09\/Planning_26-27.jpeg","articleSection":["Inscription"],"inLanguage":"fr-FR"},{"@type":"WebPage","@id":"https:\/\/strasbourg-basket.fr\/index.php\/2026\/09\/01\/planning-des-entrainements\/","url":"https:\/\/strasbourg-basket.fr\/index.php\/2026\/09\/01\/planning-des-entrainements\/","name":"Planning des entrainements - Strasbourg Basketball","isPartOf":{"@id":"https:\/\/strasbourg-basket.fr\/#website"},"primaryImageOfPage":{"@id":"https:\/\/strasbourg-basket.fr\/index.php\/2026\/09\/01\/planning-des-entrainements\/#primaryimage"},"image":{"@id":"https:\/\/strasbourg-basket.fr\/index.php\/2026\/09\/01\/planning-des-entrainements\/#primaryimage"},"thumbnailUrl":"https:\/\/strasbourg-basket.fr\/wp-content\/uploads\/2026\/09\/Planning_26-27.jpeg","datePublished":"2026-09-01T19:33:21+00:00","dateModified":"2026-09-01T19:55:25+00:00","breadcrumb":{"@id":"https:\/\/strasbourg-basket.fr\/index.php\/2026\/09\/01\/planning-des-entrainements\/#breadcrumb"},"inLanguage":"fr-FR","potentialAction":[{"@type":"ReadAction","target":["https:\/\/strasbourg-basket.fr\/index.php\/2026\/09\/01\/planning-des-entrainements\/"]}]},{"@type":"ImageObject","inLanguage":"fr-FR","@id":"https:\/\/strasbourg-basket.fr\/index.php\/2026\/09\/01\/planning-des-entrainements\/#primaryimage","url":"https:\/\/strasbourg-basket.fr\/wp-content\/uploads\/2026\/09\/Planning_26-27.jpeg","contentUrl":"https:\/\/strasbourg-basket.fr\/wp-content\/uploads\/2026\/09\/Planning_26-27.jpeg","width":1024,"height":1536},{"@type":"BreadcrumbList","@id":"https:\/\/strasbourg-basket.fr\/index.php\/2026\/09\/01\/planning-des-entrainements\/#breadcrumb","itemListElement":[{"@type":"ListItem","position":1,"name":"Accueil","item":"https:\/\/strasbourg-basket.fr\/"},{"@type":"ListItem","position":2,"name":"Planning des entrainements"}]},{"@type":"WebSite","@id":"https:\/\/strasbourg-basket.fr\/#website","url":"https:\/\/strasbourg-basket.fr\/","name":"AS Strasbourg Basketball","description":"Depuis 1920 pour faire vivre le basket Strasbourgeois","publisher":{"@id":"https:\/\/strasbourg-basket.fr\/#organization"},"potentialAction":[{"@type":"SearchAction","target":{"@type":"EntryPoint","urlTemplate":"https:\/\/strasbourg-basket.fr\/?s={search_term_string}"},"query-input":{"@type":"PropertyValueSpecification","valueRequired":true,"valueName":"search_term_string"}}],"inLanguage":"fr-FR"},{"@type":"Organization","@id":"https:\/\/strasbourg-basket.fr\/#organization","name":"AS Strasbourg Basketball","url":"https:\/\/strasbourg-basket.fr\/","logo":{"@type":"ImageObject","inLanguage":"fr-FR","@id":"https:\/\/strasbourg-basket.fr\/#\/schema\/logo\/image\/","url":"https:\/\/strasbourg-basket.fr\/wp-content\/uploads\/2023\/05\/blason_rouge-fond-transparent-e1686317879738.png","contentUrl":"https:\/\/strasbourg-basket.fr\/wp-content\/uploads\/2023\/05\/blason_rouge-fond-transparent-e1686317879738.png","width":2891,"height":2565,"caption":"AS Strasbourg Basketball"},"image":{"@id":"https:\/\/strasbourg-basket.fr\/#\/schema\/logo\/image\/"}},{"@type":"Person","@id":"https:\/\/strasbourg-basket.fr\/#\/schema\/person\/8bf6ce140178794db781490d690bdeb5","name":"Pierre Banzet","image":{"@type":"ImageObject","inLanguage":"fr-FR","@id":"https:\/\/secure.gravatar.com\/avatar\/b13970bef5d0d39e16b4845d13a015808db8742a5efb21ad0f06970298528b9b?s=96&d=blank&r=x","url":"https:\/\/secure.gravatar.com\/avatar\/b13970bef5d0d39e16b4845d13a015808db8742a5efb21ad0f06970298528b9b?s=96&d=blank&r=x","contentUrl":"https:\/\/secure.gravatar.com\/avatar\/b13970bef5d0d39e16b4845d13a015808db8742a5efb21ad0f06970298528b9b?s=96&d=blank&r=x","caption":"Pierre Banzet"},"sameAs":["http:\/\/dvkdvdk.cluster030.hosting.ovh.net"],"url":"https:\/\/strasbourg-basket.fr\/index.php\/author\/admin4230\/"}]}},"uagb_featured_image_src":{"full":false,"thumbnail":false,"medium":false,"medium_large":false,"large":false,"1536x1536":false,"2048x2048":false,"htmega_size_585x295":false,"htmega_size_1170x536":false,"htmega_size_396x360":false,"sportspress-crop-medium":false,"sportspress-fit-medium":false,"sportspress-fit-icon":false,"sportspress-fit-mini":false,"stm-1140-666":false,"stm-1170-650":false,"stm-570-350":false,"stm-570-250":false,"stm-270-370":false,"stm-540-500":false,"stm-270-530":false,"stm-200-200":false,"stm-85-105":false,"stm-255-255":false,"stm-360-240":false,"stm-360-495":false,"stm-445-400":false,"stm-735-240":false,"stm-255-183":false,"stm-350-250":false,"blog_list":false,"blog_list_medium":false,"gallery_thumbnail":false,"gallery_image":false,"gallery_image_mini":false,"player_photo":false,"team_logo":false,"player_stat_ava":false,"post-350-220":false,"post-275-142":false,"post-160-120":false,"post-110-70":false,"post-770-450":false,"post-370-210":false,"post-457-470":false,"post-370-420":false,"stm-445-445":false,"stm-555-460":false,"stm-350-450":false,"stm-720-440":false,"stm-270-270":false,"stm-760-450":false},"uagb_author_info":{"display_name":"Pierre Banzet","author_link":"https:\/\/strasbourg-basket.fr\/index.php\/author\/admin4230\/"},"uagb_comment_info":0,"uagb_excerpt":"Cat\u00e9gorie U5 U7 U9 U11 U13 U15 U18 U21 Seniors Ann\u00e9es 2022-2023 2020-2021 2018-2019 2016-2017 2014-2015 2012-2013 2009 \u00e0 2011 2006 \u00e0 2008 \u2264 2005","_links":{"self":[{"href":"https:\/\/strasbourg-basket.fr\/index.php\/wp-json\/wp\/v2\/posts\/2697","targetHints":{"allow":["GET"]}}],"collection":[{"href":"https:\/\/strasbourg-basket.fr\/index.php\/wp-json\/wp\/v2\/posts"}],"about":[{"href":"https:\/\/strasbourg-basket.fr\/index.php\/wp-json\/wp\/v2\/types\/post"}],"author":[{"embeddable":true,"href":"https:\/\/strasbourg-basket.fr\/index.php\/wp-json\/wp\/v2\/users\/1"}],"replies":[{"embeddable":true,"href":"https:\/\/strasbourg-basket.fr\/index.php\/wp-json\/wp\/v2\/comments?post=2697"}],"version-history":[{"count":11,"href":"https:\/\/strasbourg-basket.fr\/index.php\/wp-json\/wp\/v2\/posts\/2697\/revisions"}],"predecessor-version":[{"id":2711,"href":"https:\/\/strasbourg-basket.fr\/index.php\/wp-json\/wp\/v2\/posts\/2697\/revisions\/2711"}],"wp:attachment":[{"href":"https:\/\/strasbourg-basket.fr\/index.php\/wp-json\/wp\/v2\/media?parent=2697"}],"wp:term":[{"taxonomy":"category","embeddable":true,"href":"https:\/\/strasbourg-basket.fr\/index.php\/wp-json\/wp\/v2\/categories?post=2697"},{"taxonomy":"post_tag","embeddable":true,"href":"https:\/\/strasbourg-basket.fr\/index.php\/wp-json\/wp\/v2\/tags?post=2697"}],"curies":[{"name":"wp","href":"https:\/\/api.w.org\/{rel}","templated":true}]}}